{"id":325,"date":"2018-08-13T13:16:16","date_gmt":"2018-08-13T13:16:16","guid":{"rendered":"http:\/\/wp.notare-rabl-gassen.de\/?p=325"},"modified":"2018-08-13T13:16:16","modified_gmt":"2018-08-13T13:16:16","slug":"strassensperrung-am-23-8-2018-wegen-radrennen","status":"publish","type":"post","link":"https:\/\/notare-rabl-gassen.de\/?p=325","title":{"rendered":"Stra\u00dfensperrung am 23.8.2018 wegen Radrennen"},"content":{"rendered":"<p><img loading=\"lazy\" decoding=\"async\" class=\"size-medium wp-image-326 alignleft\" src=\"http:\/\/wp.notare-rabl-gassen.de\/wp-content\/uploads\/2018\/08\/deutschland-tour2-300x155.jpg\" alt=\"\" width=\"300\" height=\"155\" srcset=\"https:\/\/notare-rabl-gassen.de\/wp-content\/uploads\/2018\/08\/deutschland-tour2-300x155.jpg 300w, https:\/\/notare-rabl-gassen.de\/wp-content\/uploads\/2018\/08\/deutschland-tour2-768x396.jpg 768w, https:\/\/notare-rabl-gassen.de\/wp-content\/uploads\/2018\/08\/deutschland-tour2-1024x529.jpg 1024w, https:\/\/notare-rabl-gassen.de\/wp-content\/uploads\/2018\/08\/deutschland-tour2.jpg 1920w\" sizes=\"auto, (max-width: 300px) 100vw, 300px\" \/>Am Donnerstag, 23.8.2018 f\u00fchrt die erste Etappe der wiederbelebten &#8222;Deutschland-Tour&#8220; f\u00fcr Radrennfahrer nach Bonn. Die Zieleinfahrt ist am Nachmittag auf der B9\/Adenauerallee\/Koblenzer Tor und f\u00fchrt bei unserem B\u00fcrogeb\u00e4ude vorbei. F\u00fcr den Donnerstag ist den ganzen Tag mit Stra\u00dfensperrungen zu rechnen und auch am Mittwoch kann es zu Behinderungen kommen, wenn aufgebaut wird. Sollten sie an diesen Tagen einen Termin in unserem B\u00fcro haben, planen sie bitte ihre Anfahrt genau, um St\u00f6rungen zu vermeiden. Es empfiehlt sich, vor dem Termin kurz telefonisch nachzufragen, wie die Verkehrssituation ist.<\/p>\n<p>Die Planung der Stadt Bonn k\u00f6nnen sie dem anliegenden Plan entnehmen.<\/p>\n<p><a href=\"http:\/\/wp.notare-rabl-gassen.de\/wp-content\/uploads\/2018\/08\/2018_06_27_Sperrung_Adenauerallee_Stockenstra\u00dfe_Di-Do_kl_1.pdf\">2018_06_27_Sperrung_Adenauerallee_Stockenstra\u00dfe_Di-Do_kl_1<\/a><\/p>\n","protected":false},"excerpt":{"rendered":"<p>Am Donnerstag, 23.8.2018 f\u00fchrt die erste Etappe der wiederbelebten &#8222;Deutschland-Tour&#8220; f\u00fcr Radrennfahrer nach Bonn. Die Zieleinfahrt ist am Nachmittag auf der B9\/Adenauerallee\/Koblenzer Tor und f\u00fchrt bei unserem B\u00fcrogeb\u00e4ude vorbei. F\u00fcr den Donnerstag ist den ganzen Tag mit Stra\u00dfensperrungen zu rechnen und auch am Mittwoch kann es zu Behinderungen kommen, wenn aufgebaut wird. Sollten sie an <a class=\"more-link\" href=\"https:\/\/notare-rabl-gassen.de\/?p=325\">weiterlesen&#8230;<\/a><\/p>\n","protected":false},"author":1,"featured_media":326,"comment_status":"closed","ping_status":"open","sticky":false,"template":"","format":"standard","meta":{"footnotes":""},"categories":[13],"tags":[],"class_list":["post-325","post","type-post","status-publish","format-standard","has-post-thumbnail","hentry","category-organisatorisches"],"_links":{"self":[{"href":"https:\/\/notare-rabl-gassen.de\/index.php?rest_route=\/wp\/v2\/posts\/325","targetHints":{"allow":["GET"]}}],"collection":[{"href":"https:\/\/notare-rabl-gassen.de\/index.php?rest_route=\/wp\/v2\/posts"}],"about":[{"href":"https:\/\/notare-rabl-gassen.de\/index.php?rest_route=\/wp\/v2\/types\/post"}],"author":[{"embeddable":true,"href":"https:\/\/notare-rabl-gassen.de\/index.php?rest_route=\/wp\/v2\/users\/1"}],"replies":[{"embeddable":true,"href":"https:\/\/notare-rabl-gassen.de\/index.php?rest_route=%2Fwp%2Fv2%2Fcomments&post=325"}],"version-history":[{"count":1,"href":"https:\/\/notare-rabl-gassen.de\/index.php?rest_route=\/wp\/v2\/posts\/325\/revisions"}],"predecessor-version":[{"id":328,"href":"https:\/\/notare-rabl-gassen.de\/index.php?rest_route=\/wp\/v2\/posts\/325\/revisions\/328"}],"wp:featuredmedia":[{"embeddable":true,"href":"https:\/\/notare-rabl-gassen.de\/index.php?rest_route=\/wp\/v2\/media\/326"}],"wp:attachment":[{"href":"https:\/\/notare-rabl-gassen.de\/index.php?rest_route=%2Fwp%2Fv2%2Fmedia&parent=325"}],"wp:term":[{"taxonomy":"category","embeddable":true,"href":"https:\/\/notare-rabl-gassen.de\/index.php?rest_route=%2Fwp%2Fv2%2Fcategories&post=325"},{"taxonomy":"post_tag","embeddable":true,"href":"https:\/\/notare-rabl-gassen.de\/index.php?rest_route=%2Fwp%2Fv2%2Ftags&post=325"}],"curies":[{"name":"wp","href":"https:\/\/api.w.org\/{rel}","templated":true}]}}